{"id":3508,"date":"2022-01-26T12:02:35","date_gmt":"2022-01-26T12:02:35","guid":{"rendered":"https:\/\/wizitory.com\/virtuell-festival-med-internationell-publik\/"},"modified":"2022-09-05T10:27:36","modified_gmt":"2022-09-05T10:27:36","slug":"virtuell-festival-med-internationell-publik","status":"publish","type":"post","link":"https:\/\/wizitory.com\/sv\/virtuell-festival-med-internationell-publik\/","title":{"rendered":"Virtuell festival med internationell publik"},"content":{"rendered":"<p><div class=\"fusion-fullwidth fullwidth-box fusion-builder-row-1 fusion-flex-container nonhundred-percent-fullwidth non-hundred-percent-height-scrolling\" style=\"--awb-border-radius-top-left:0px;--awb-border-radius-top-right:0px;--awb-border-radius-bottom-right:0px;--awb-border-radius-bottom-left:0px;--awb-padding-top:9%;--awb-padding-bottom:4%;--awb-flex-wrap:wrap;\" ><div class=\"fusion-builder-row fusion-row fusion-flex-align-items-flex-start fusion-flex-content-wrap\" style=\"max-width:calc( 1200px + 0px );margin-left: calc(-0px \/ 2 );margin-right: calc(-0px \/ 2 );\"><div class=\"fusion-layout-column fusion_builder_column fusion-builder-column-0 fusion_builder_column_3_4 3_4 fusion-flex-column\" style=\"--awb-bg-size:cover;--awb-width-large:75%;--awb-margin-top-large:0px;--awb-spacing-right-large:0px;--awb-margin-bottom-large:20px;--awb-spacing-left-large:0px;--awb-width-medium:75%;--awb-order-medium:0;--awb-spacing-right-medium:0px;--awb-spacing-left-medium:0px;--awb-width-small:100%;--awb-order-small:0;--awb-spacing-right-small:0px;--awb-spacing-left-small:0px;\"><div class=\"fusion-column-wrapper fusion-column-has-shadow fusion-flex-justify-content-flex-start fusion-content-layout-column\"><div class=\"fusion-title title fusion-title-1 fusion-sep-none fusion-title-text fusion-title-size-two\"><h2 class=\"fusion-title-heading title-heading-left fusion-responsive-typography-calculated\" style=\"margin:0;--fontSize:15;--minFontSize:15;line-height:1.2;\"><h3>Virtuell festival med internationell publik.<\/h3><\/h2><\/div><div class=\"fusion-text fusion-text-1\" style=\"--awb-text-transform:none;--awb-margin-top:20px;\"><p>Nordic Kids Media Festival \u00e4r ett tv\u00e5-dagars event som h\u00e5lls vartannat \u00e5r i Malm\u00f6. Men 2021 fick man t\u00e4nka om p\u00e5 grund av pandemin, och valde att k\u00f6ra ett virtuellt event f\u00f6r \u00f6kad tillg\u00e4nglighet. \u201dV\u00e5ra bes\u00f6kare var v\u00e4ldigt positiva och s\u00e5g det virtuella eventet som en unik upplevelse,\u201d s\u00e4ger Pernilla Olsson p\u00e5 MINT som arrangerade festivalen. 3D-milj\u00f6n \u00e4r designad och byggd av Wizitory.<\/p>\n<\/div><div class=\"fusion-image-element \" style=\"--awb-margin-top:3%;--awb-margin-bottom:3%;--awb-caption-title-font-family:var(--h2_typography-font-family);--awb-caption-title-font-weight:var(--h2_typography-font-weight);--awb-caption-title-font-style:var(--h2_typography-font-style);--awb-caption-title-size:var(--h2_typography-font-size);--awb-caption-title-transform:var(--h2_typography-text-transform);--awb-caption-title-line-height:var(--h2_typography-line-height);--awb-caption-title-letter-spacing:var(--h2_typography-letter-spacing);\"><span class=\" fusion-imageframe imageframe-none imageframe-1 hover-type-none\"><img decoding=\"async\" width=\"1473\" height=\"857\" title=\"NordicKids_SOME_press_0000_5\" src=\"https:\/\/wizitory.com\/wp-content\/uploads\/2022\/01\/NordicKids_SOME_press_0000_5.jpg\" data-orig-src=\"https:\/\/wizitory.com\/wp-content\/uploads\/2022\/01\/NordicKids_SOME_press_0000_5.jpg\" alt class=\"lazyload img-responsive wp-image-2989\" srcset=\"data:image\/svg+xml,%3Csvg%20xmlns%3D%27http%3A%2F%2Fwww.w3.org%2F2000%2Fsvg%27%20width%3D%271473%27%20height%3D%27857%27%20viewBox%3D%270%200%201473%20857%27%3E%3Crect%20width%3D%271473%27%20height%3D%27857%27%20fill-opacity%3D%220%22%2F%3E%3C%2Fsvg%3E\" data-srcset=\"https:\/\/wizitory.com\/wp-content\/uploads\/2022\/01\/NordicKids_SOME_press_0000_5-1200x698.jpg 1200w, https:\/\/wizitory.com\/wp-content\/uploads\/2022\/01\/NordicKids_SOME_press_0000_5.jpg 1473w\" data-sizes=\"auto\" data-orig-sizes=\"(max-width: 800px) 100vw, 1473px\" \/><\/span><\/div><div class=\"fusion-text fusion-text-2\" style=\"--awb-text-transform:none;\"><p>\u201cM\u00e5nga bes\u00f6kare k\u00e4nde att inneh\u00e5llet var v\u00e4ldigt relevant. Wizitory\u2019s digitala plattform \u00e4r enkel att navigera och gjorde upplevelsen l\u00e4tt att ta till sig. Bes\u00f6karna kunde engagera sig i drygt 40 seminarier under eventet och delta i flera sharing sessions. Den virtuella milj\u00f6n var skr\u00e4ddarsydd f\u00f6r just v\u00e5r festival och inspirerad av verkliga platser,\u201d s\u00e4ger Pernilla Olsson p\u00e5 MINT.<\/p>\n<p>Nordic Kids Media Festival \u00e4r en m\u00f6tesplats f\u00f6r public service-producenter som arbetar fr\u00e4mst med inneh\u00e5ll f\u00f6r barn och unga i Sverige, Norge, Finland och Danmark. Historisk har evenet arangerats vartannat \u00e5r i Malm\u00f6, men p\u00e5grund av pandemin best\u00e4mdes det att festivalen skulle vara digital under 2021. Efter det framg\u00e5ngsrika virtuella eventet 2021 \u00f6verv\u00e4ger man nu att beh\u00e5lla den digitala komponenten \u00e4ven fram\u00f6ver.<\/p>\n<p>\u201cInf\u00f6r 2023 unders\u00f6ker vi m\u00f6jligheterna att k\u00f6ra Nordic Kids Media Festival som ett hybrid-event. F\u00f6rhoppningsvis kommer vi att kunna tr\u00e4ffas i verkligheten\u2013 men en stark digital n\u00e4rvaro \u00e4r ett bra komplement som b\u00e5de drar ner p\u00e5 on\u00f6digt resande och l\u00e5ter oss n\u00e5 bredare,\u201d s\u00e4ger Pernilla Olsson p\u00e5 MINT.<\/p>\n<h6>\u00d6kat intresse f\u00f6r virtuella event<\/h6>\n<p>Festivalens digitala milj\u00f6 \u00e4r designad av oss p\u00e5 Wizitory. Vi \u00e4r en svensk designstudio och digital plattform som hj\u00e4lper varum\u00e4rken att skapa sina egna interaktiva metaversum. V\u00e5r plattform anv\u00e4nds f\u00f6r att utveckla virtuella 3D-milj\u00f6er d\u00e4r f\u00f6retag kan h\u00e5lla digitala event, m\u00e4ssor, utst\u00e4llningar och konferenser \u2013 som Nordic Kids Media Festival.<\/p>\n<p>\u201cDet finns ett v\u00e4xande intresse f\u00f6r digitala event. Det \u00e4r en god id\u00e9 att erbjuda mer \u00e4n traditionella webinarier och lives\u00e4ndningar f\u00f6r att locka till sig r\u00e4tt publik. D\u00e4rf\u00f6r har vi specialiserat oss p\u00e5 att skapa 3D-milj\u00f6er som b\u00e5de \u00e4r visuellt attraktiva och inriktade p\u00e5 en optimal anv\u00e4ndarupplevelse,\u201d s\u00e4ger Mikael Stenberg, VD p\u00e5 Wizitory.<\/p>\n<\/div><\/div><\/div><\/div><\/div><div class=\"fusion-fullwidth fullwidth-box fusion-builder-row-2 fusion-flex-container nonhundred-percent-fullwidth non-hundred-percent-height-scrolling\" style=\"--awb-border-radius-top-left:0px;--awb-border-radius-top-right:0px;--awb-border-radius-bottom-right:0px;--awb-border-radius-bottom-left:0px;--awb-flex-wrap:wrap;\" ><div class=\"fusion-builder-row fusion-row fusion-flex-align-items-flex-start fusion-flex-content-wrap\" style=\"max-width:1248px;margin-left: calc(-4% \/ 2 );margin-right: calc(-4% \/ 2 );\"><div class=\"fusion-layout-column fusion_builder_column fusion-builder-column-1 fusion_builder_column_1_1 1_1 fusion-flex-column\" style=\"--awb-bg-size:cover;--awb-width-large:100%;--awb-margin-top-large:0px;--awb-spacing-right-large:1.92%;--awb-margin-bottom-large:20px;--awb-spacing-left-large:1.92%;--awb-width-medium:100%;--awb-order-medium:0;--awb-spacing-right-medium:1.92%;--awb-spacing-left-medium:1.92%;--awb-width-small:100%;--awb-order-small:0;--awb-spacing-right-small:1.92%;--awb-spacing-left-small:1.92%;\"><div class=\"fusion-column-wrapper fusion-column-has-shadow fusion-flex-justify-content-flex-start fusion-content-layout-column\"><div class=\"fusion-sharing-box fusion-sharing-box-1 boxed-icons has-taglines layout-floated layout-medium-floated layout-small-stacked\" style=\"background-color:var(--awb-color4);border-color:#eeeeee;--awb-margin-top:0px;--awb-margin-right:0px;--awb-margin-bottom:20px;--awb-margin-left:0px;--awb-wrapper-padding-top:15px;--awb-wrapper-padding-right:30px;--awb-wrapper-padding-bottom:15px;--awb-wrapper-padding-left:30px;--awb-icon-tagline-color:#212934;--awb-icon-tagline-color-hover:#ffffff;--awb-separator-border-color:#cccccc;--awb-separator-border-sizes:0px;--awb-layout:row;--awb-alignment-small:space-between;--awb-stacked-align-small:center;\" data-title=\"Dela\" data-description=\"With a grand exterior and 8 different rooms inside, including drone videos, our client presented their products to customers around the globe, on different dates in different continents. And when we analyzed the numbers in Wizitory&#039;s follow-up, we were all impressed with the result.\" data-link=\"https:\/\/wizitory.com\/sv\/virtuell-festival-med-internationell-publik\/\"><h4 class=\"tagline\" style=\"color:#ffffff;\">Dela denna sidan<\/h4><div class=\"fusion-social-networks sharingbox-shortcode-icon-wrapper sharingbox-shortcode-icon-wrapper-1 boxed-icons\"><span><a href=\"https:\/\/www.facebook.com\/sharer.php?u=https%3A%2F%2Fwizitory.com%2Fsv%2Fvirtuell-festival-med-internationell-publik%2F&amp;t=Dela\" target=\"_blank\" rel=\"noreferrer\" title=\"Facebook\" aria-label=\"Facebook\" data-placement=\"top\" data-toggle=\"tooltip\" data-title=\"Facebook\"><i class=\"fusion-social-network-icon fusion-tooltip fusion-facebook awb-icon-facebook\" style=\"color:#000000;background-color:#ffffff;border-color:#ffffff;border-radius:6px;\" aria-hidden=\"true\"><\/i><\/a><\/span><span><a href=\"https:\/\/twitter.com\/share?text=Dela&amp;url=https%3A%2F%2Fwizitory.com%2Fsv%2Fvirtuell-festival-med-internationell-publik%2F\" target=\"_blank\" rel=\"noopener noreferrer\" title=\"Twitter\" aria-label=\"Twitter\" data-placement=\"top\" data-toggle=\"tooltip\" data-title=\"Twitter\"><i class=\"fusion-social-network-icon fusion-tooltip fusion-twitter awb-icon-twitter\" style=\"color:#000000;background-color:#ffffff;border-color:#ffffff;border-radius:6px;\" aria-hidden=\"true\"><\/i><\/a><\/span><span><a href=\"https:\/\/reddit.com\/submit?url=https%3A%2F%2Fwizitory.com%2Fsv%2Fvirtuell-festival-med-internationell-publik%2F&amp;title=Dela\" target=\"_blank\" rel=\"noopener noreferrer\" title=\"Reddit\" aria-label=\"Reddit\" data-placement=\"top\" data-toggle=\"tooltip\" data-title=\"Reddit\"><i class=\"fusion-social-network-icon fusion-tooltip fusion-reddit awb-icon-reddit\" style=\"color:#000000;background-color:#ffffff;border-color:#ffffff;border-radius:6px;\" aria-hidden=\"true\"><\/i><\/a><\/span><span><a href=\"https:\/\/www.linkedin.com\/shareArticle?mini=true&amp;url=https%3A%2F%2Fwizitory.com%2Fsv%2Fvirtuell-festival-med-internationell-publik%2F&amp;title=Dela&amp;summary=With%20a%20grand%20exterior%20and%208%20different%20rooms%20inside%2C%20including%20drone%20videos%2C%20our%20client%20presented%20their%20products%20to%20customers%20around%20the%20globe%2C%20on%20different%20dates%20in%20different%20continents.%20And%20when%20we%20analyzed%20the%20numbers%20in%20Wizitory%27s%20follow-up%2C%20we%20were%20all%20impressed%20with%20the%20result.\" target=\"_blank\" rel=\"noopener noreferrer\" title=\"LinkedIn\" aria-label=\"LinkedIn\" data-placement=\"top\" data-toggle=\"tooltip\" data-title=\"LinkedIn\"><i class=\"fusion-social-network-icon fusion-tooltip fusion-linkedin awb-icon-linkedin\" style=\"color:#000000;background-color:#ffffff;border-color:#ffffff;border-radius:6px;\" aria-hidden=\"true\"><\/i><\/a><\/span><span><a href=\"https:\/\/api.whatsapp.com\/send?text=https%3A%2F%2Fwizitory.com%2Fsv%2Fvirtuell-festival-med-internationell-publik%2F\" target=\"_blank\" rel=\"noopener noreferrer\" title=\"WhatsApp\" aria-label=\"WhatsApp\" data-placement=\"top\" data-toggle=\"tooltip\" data-title=\"WhatsApp\"><i class=\"fusion-social-network-icon fusion-tooltip fusion-whatsapp awb-icon-whatsapp\" style=\"color:#000000;background-color:#ffffff;border-color:#ffffff;border-radius:6px;\" aria-hidden=\"true\"><\/i><\/a><\/span><span><a href=\"https:\/\/www.tumblr.com\/share\/link?url=https%3A%2F%2Fwizitory.com%2Fsv%2Fvirtuell-festival-med-internationell-publik%2F&amp;name=Dela&amp;description=With%20a%20grand%20exterior%20and%208%20different%20rooms%20inside%2C%20including%20drone%20videos%2C%20our%20client%20presented%20their%20products%20to%20customers%20around%20the%20globe%2C%20on%20different%20dates%20in%20different%20continents.%20And%20when%20we%20analyzed%20the%20numbers%20in%20Wizitory%27s%20follow-up%2C%20we%20were%20all%20impressed%20with%20the%20result.\" target=\"_blank\" rel=\"noopener noreferrer\" title=\"Tumblr\" aria-label=\"Tumblr\" data-placement=\"top\" data-toggle=\"tooltip\" data-title=\"Tumblr\"><i class=\"fusion-social-network-icon fusion-tooltip fusion-tumblr awb-icon-tumblr\" style=\"color:#000000;background-color:#ffffff;border-color:#ffffff;border-radius:6px;\" aria-hidden=\"true\"><\/i><\/a><\/span><span><a href=\"https:\/\/pinterest.com\/pin\/create\/button\/?url=https%3A%2F%2Fwizitory.com%2Fsv%2Fvirtuell-festival-med-internationell-publik%2F&amp;description=With%20a%20grand%20exterior%20and%208%20different%20rooms%20inside%2C%20including%20drone%20videos%2C%20our%20client%20presented%20their%20products%20to%20customers%20around%20the%20globe%2C%20on%20different%20dates%20in%20different%20continents.%20And%20when%20we%20analyzed%20the%20numbers%20in%20Wizitory%27s%20follow-up%2C%20we%20were%20all%20impressed%20with%20the%20result.&amp;media=\" target=\"_blank\" rel=\"noopener noreferrer\" title=\"Pinterest\" aria-label=\"Pinterest\" data-placement=\"top\" data-toggle=\"tooltip\" data-title=\"Pinterest\"><i class=\"fusion-social-network-icon fusion-tooltip fusion-pinterest awb-icon-pinterest\" style=\"color:#000000;background-color:#ffffff;border-color:#ffffff;border-radius:6px;\" aria-hidden=\"true\"><\/i><\/a><\/span><span><a href=\"https:\/\/vkontakte.ru\/share.php?url=https%3A%2F%2Fwizitory.com%2Fsv%2Fvirtuell-festival-med-internationell-publik%2F&amp;title=Dela&amp;description=With%20a%20grand%20exterior%20and%208%20different%20rooms%20inside%2C%20including%20drone%20videos%2C%20our%20client%20presented%20their%20products%20to%20customers%20around%20the%20globe%2C%20on%20different%20dates%20in%20different%20continents.%20And%20when%20we%20analyzed%20the%20numbers%20in%20Wizitory%27s%20follow-up%2C%20we%20were%20all%20impressed%20with%20the%20result.\" target=\"_blank\" rel=\"noopener noreferrer\" title=\"Vk\" aria-label=\"Vk\" data-placement=\"top\" data-toggle=\"tooltip\" data-title=\"Vk\"><i class=\"fusion-social-network-icon fusion-tooltip fusion-vk awb-icon-vk\" style=\"color:#000000;background-color:#ffffff;border-color:#ffffff;border-radius:6px;\" aria-hidden=\"true\"><\/i><\/a><\/span><span><a href=\"https:\/\/www.xing.com\/social_plugins\/share\/new?sc_p=xing-share&amp;h=1&amp;url=https%3A%2F%2Fwizitory.com%2Fsv%2Fvirtuell-festival-med-internationell-publik%2F\" target=\"_blank\" rel=\"noopener noreferrer\" title=\"Xing\" aria-label=\"Xing\" data-placement=\"top\" data-toggle=\"tooltip\" data-title=\"Xing\"><i class=\"fusion-social-network-icon fusion-tooltip fusion-xing awb-icon-xing\" style=\"color:#000000;background-color:#ffffff;border-color:#ffffff;border-radius:6px;\" aria-hidden=\"true\"><\/i><\/a><\/span><span><a href=\"mailto:?subject=Dela&amp;body=https%3A%2F%2Fwizitory.com%2Fsv%2Fvirtuell-festival-med-internationell-publik%2F\" target=\"_self\" title=\"Email\" aria-label=\"Email\" data-placement=\"top\" data-toggle=\"tooltip\" data-title=\"Email\"><i class=\"fusion-social-network-icon fusion-tooltip fusion-mail awb-icon-mail\" style=\"color:#000000;background-color:#ffffff;border-color:#ffffff;border-radius:6px;\" aria-hidden=\"true\"><\/i><\/a><\/span><\/div><\/div><\/div><\/div><\/div><\/div>\n<div class=\"fusion-fullwidth fullwidth-box fusion-builder-row-3 fusion-flex-container nonhundred-percent-fullwidth non-hundred-percent-height-scrolling\" style=\"--awb-border-radius-top-left:0px;--awb-border-radius-top-right:0px;--awb-border-radius-bottom-right:0px;--awb-border-radius-bottom-left:0px;--awb-flex-wrap:wrap;\" ><div class=\"fusion-builder-row fusion-row fusion-flex-align-items-flex-start fusion-flex-content-wrap\" style=\"max-width:1248px;margin-left: calc(-4% \/ 2 );margin-right: calc(-4% \/ 2 );\"><div class=\"fusion-layout-column fusion_builder_column fusion-builder-column-2 fusion_builder_column_1_1 1_1 fusion-flex-column\" style=\"--awb-bg-size:cover;--awb-width-large:100%;--awb-margin-top-large:0px;--awb-spacing-right-large:1.92%;--awb-margin-bottom-large:20px;--awb-spacing-left-large:1.92%;--awb-width-medium:100%;--awb-order-medium:0;--awb-spacing-right-medium:1.92%;--awb-spacing-left-medium:1.92%;--awb-width-small:100%;--awb-order-small:0;--awb-spacing-right-small:1.92%;--awb-spacing-left-small:1.92%;\"><div class=\"fusion-column-wrapper fusion-column-has-shadow fusion-flex-justify-content-flex-start fusion-content-layout-column\"><div class=\"fusion-recent-posts fusion-recent-posts-1 avada-container layout-default layout-columns-3 fusion-recent-posts-infinite fusion-recent-posts-load-more\" data-pages=\"3\"><section class=\"fusion-columns columns fusion-columns-3 columns-3\"><article class=\"post fusion-column column col col-lg-4 col-md-4 col-sm-4\"><div class=\"fusion-flexslider fusion-flexslider-loading flexslider flexslider-hover-type-zoomin\"><ul class=\"slides\"><li><a href=\"https:\/\/wizitory.com\/sv\/idnet-forbereder-sig-for-metaverse\/\" aria-label=\"Idnet f\u00f6rbereder sig f\u00f6r metaversum\" class=\"hover-type-zoomin\"><img decoding=\"async\" width=\"700\" height=\"368\" src=\"data:image\/svg+xml,%3Csvg%20xmlns%3D%27http%3A%2F%2Fwww.w3.org%2F2000%2Fsvg%27%20width%3D%271200%27%20height%3D%27630%27%20viewBox%3D%270%200%201200%20630%27%3E%3Crect%20width%3D%271200%27%20height%3D%27630%27%20fill-opacity%3D%220%22%2F%3E%3C%2Fsvg%3E\" class=\"attachment-recent-posts size-recent-posts lazyload\" alt=\"\" data-orig-src=\"https:\/\/wizitory.com\/wp-content\/uploads\/2022\/01\/SOME-Inbound-wide-fb.jpg\" \/><\/a><\/li><\/ul><\/div><div class=\"recent-posts-content\"><span class=\"entry-title\" style=\"display: none;\">Idnet f\u00f6rbereder sig f\u00f6r metaversum<\/span><span class=\"vcard\" style=\"display: none;\"><span class=\"fn\"><a href=\"https:\/\/wizitory.com\/sv\/author\/qtg\/\" title=\"Posts by qtg\" rel=\"author\">qtg<\/a><\/span><\/span><span class=\"updated\" style=\"display:none;\">2022-09-05T09:16:51+00:00<\/span><p> Idnet f\u00f6rbereder sig f\u00f6r metaversum \u2013 nu kan vi m\u00f6ta v\u00e5ra kunder p\u00e5 ett helt nytt s\u00e4tt, I v\u00e5rt alldeles egna metaversum.  Svenska IT-f\u00f6retaget Idnet hakar p\u00e5 metaversum-trenden genom att skapa sin egna [...]<\/p><\/div><\/article><article class=\"post fusion-column column col col-lg-4 col-md-4 col-sm-4\"><div class=\"fusion-flexslider fusion-flexslider-loading flexslider flexslider-hover-type-zoomin\"><ul class=\"slides\"><li><a href=\"https:\/\/wizitory.com\/sv\/virtuella-3d-miljoer-tagna-fran-verkligheten\/\" aria-label=\"Virtuella 3D-milj\u00f6er, tagna fr\u00e5n verkligheten\" class=\"hover-type-zoomin\"><img decoding=\"async\" width=\"700\" height=\"441\" src=\"https:\/\/wizitory.com\/wp-content\/uploads\/2022\/02\/E3_story-700x441.jpg\" class=\"attachment-recent-posts size-recent-posts lazyload\" alt=\"\" srcset=\"data:image\/svg+xml,%3Csvg%20xmlns%3D%27http%3A%2F%2Fwww.w3.org%2F2000%2Fsvg%27%20width%3D%271200%27%20height%3D%27600%27%20viewBox%3D%270%200%201200%20600%27%3E%3Crect%20width%3D%271200%27%20height%3D%27600%27%20fill-opacity%3D%220%22%2F%3E%3C%2Fsvg%3E\" data-orig-src=\"https:\/\/wizitory.com\/wp-content\/uploads\/2022\/02\/E3_story-700x441.jpg\" data-srcset=\"https:\/\/wizitory.com\/wp-content\/uploads\/2022\/02\/E3_story-320x202.jpg 320w, https:\/\/wizitory.com\/wp-content\/uploads\/2022\/02\/E3_story-700x441.jpg 700w\" data-sizes=\"auto\" \/><\/a><\/li><\/ul><\/div><div class=\"recent-posts-content\"><span class=\"entry-title\" style=\"display: none;\">Virtuella 3D-milj\u00f6er, tagna fr\u00e5n verkligheten<\/span><span class=\"vcard\" style=\"display: none;\"><span class=\"fn\"><a href=\"https:\/\/wizitory.com\/sv\/author\/qtg\/\" title=\"Posts by qtg\" rel=\"author\">qtg<\/a><\/span><\/span><span class=\"updated\" style=\"display:none;\">2022-09-05T09:21:38+00:00<\/span><p>Virtuella 3D-milj\u00f6er, tagna fr\u00e5n verkligheten  N\u00e4r vi skapar virtuella v\u00e4rldar f\u00f6r v\u00e5ra uppdragsgivare, inspireras vi ofta av verkligheten. Det kan handla om skapandet av n\u00e4stan identiska replikas av byggnader och platser, m\u00e4ssor, utst\u00e4llningar, skolor, [...]<\/p><\/div><\/article><article class=\"post fusion-column column col col-lg-4 col-md-4 col-sm-4\"><div class=\"fusion-flexslider fusion-flexslider-loading flexslider flexslider-hover-type-zoomin\"><ul class=\"slides\"><li><a href=\"https:\/\/wizitory.com\/sv\/fordelarna-med-hybridevents\/\" aria-label=\"F\u00f6rdelarna med hybridevents.\" class=\"hover-type-zoomin\"><img decoding=\"async\" width=\"700\" height=\"441\" src=\"https:\/\/wizitory.com\/wp-content\/uploads\/2022\/02\/hybrid_story-700x441.jpg\" class=\"attachment-recent-posts size-recent-posts lazyload\" alt=\"\" srcset=\"data:image\/svg+xml,%3Csvg%20xmlns%3D%27http%3A%2F%2Fwww.w3.org%2F2000%2Fsvg%27%20width%3D%271096%27%20height%3D%27548%27%20viewBox%3D%270%200%201096%20548%27%3E%3Crect%20width%3D%271096%27%20height%3D%27548%27%20fill-opacity%3D%220%22%2F%3E%3C%2Fsvg%3E\" data-orig-src=\"https:\/\/wizitory.com\/wp-content\/uploads\/2022\/02\/hybrid_story-700x441.jpg\" data-srcset=\"https:\/\/wizitory.com\/wp-content\/uploads\/2022\/02\/hybrid_story-320x202.jpg 320w, https:\/\/wizitory.com\/wp-content\/uploads\/2022\/02\/hybrid_story-700x441.jpg 700w\" data-sizes=\"auto\" \/><\/a><\/li><\/ul><\/div><div class=\"recent-posts-content\"><span class=\"entry-title\" style=\"display: none;\">F\u00f6rdelarna med hybridevents.<\/span><span class=\"vcard\" style=\"display: none;\"><span class=\"fn\"><a href=\"https:\/\/wizitory.com\/sv\/author\/qtg\/\" title=\"Posts by qtg\" rel=\"author\">qtg<\/a><\/span><\/span><span class=\"updated\" style=\"display:none;\">2022-09-05T09:33:18+00:00<\/span><p>F\u00f6rdelarna med hybridevents.  Fysiskt eller virtuellt event? Du beh\u00f6ver faktiskt inte v\u00e4lja. Tv\u00e4rtom har det visat sig att de kompletterar varandra riktigt v\u00e4l.  Genom att erbjuda eventet b\u00e5de fysiskt och virtuellt, blir ditt [...]<\/p><\/div><\/article><\/section><div class=\"fusion-infinite-scroll-trigger\"><\/div><div class=\"pagination infinite-scroll clearfix\" style=\"display:none;\"><span class=\"current\">1<\/span><a href=\"https:\/\/wizitory.com\/sv\/wp-json\/wp\/v2\/posts\/3508\/page\/2\/\" class=\"inactive\">2<\/a><a class=\"pagination-next\" rel=\"next\" href=\"https:\/\/wizitory.com\/sv\/wp-json\/wp\/v2\/posts\/3508\/page\/2\/\"><span class=\"page-text\">Next<\/span><span class=\"page-next\"><\/span><\/a><\/div><div class=\"fusion-clearfix\"><\/div><button class=\"fusion-load-more-button fusion-blog-button fusion-clearfix\">Load More Posts<\/button><\/div><\/div><\/div><\/div><\/div>\n<div class=\"fusion-fullwidth fullwidth-box fusion-builder-row-4 fusion-flex-container video-background nonhundred-percent-fullwidth non-hundred-percent-height-scrolling fusion-no-small-visibility\" style=\"--link_color: var(--awb-color7);--awb-border-color:#ea0000;--awb-border-radius-top-left:0px;--awb-border-radius-top-right:0px;--awb-border-radius-bottom-right:0px;--awb-border-radius-bottom-left:0px;--awb-padding-top:3%;--awb-padding-bottom:2%;--awb-background-color:var(--awb-custom12);--awb-flex-wrap:wrap;\" ><div class=\"fullwidth-video\"><video preload=\"auto\" autoplay playsinline loop muted><source src=\"https:\/\/wizitory.com\/wp-content\/uploads\/2022\/02\/Contact_loop_wizitory.mp4\" type=\"video\/mp4\"><\/video><\/div><div class=\"fusion-builder-row fusion-row fusion-flex-align-items-flex-start fusion-flex-content-wrap\" style=\"max-width:1248px;margin-left: calc(-4% \/ 2 );margin-right: calc(-4% \/ 2 );\"><div class=\"fusion-layout-column fusion_builder_column fusion-builder-column-3 fusion_builder_column_2_3 2_3 fusion-flex-column fusion-flex-align-self-flex-start\" style=\"--awb-bg-size:cover;--awb-width-large:66.666666666667%;--awb-margin-top-large:0%;--awb-spacing-right-large:7.2%;--awb-margin-bottom-large:2%;--awb-spacing-left-large:7.2%;--awb-width-medium:66.666666666667%;--awb-order-medium:0;--awb-spacing-right-medium:7.2%;--awb-spacing-left-medium:7.2%;--awb-width-small:100%;--awb-order-small:0;--awb-spacing-right-small:1.92%;--awb-spacing-left-small:1.92%;\"><div class=\"fusion-column-wrapper fusion-column-has-shadow fusion-flex-justify-content-flex-start fusion-content-layout-column\"><div class=\"fusion-title title fusion-title-2 fusion-sep-none fusion-title-text fusion-title-size-one\"><h1 class=\"fusion-title-heading title-heading-left fusion-responsive-typography-calculated\" style=\"margin:0;--fontSize:15;--minFontSize:15;line-height:1.2;\"><h3><span style=\"color: #ffffff;\">Vill du veta mer?<\/span><\/h3><\/h1><\/div><div class=\"fusion-text fusion-text-3\" style=\"--awb-line-height:0;--awb-text-transform:none;--awb-margin-top:-20px;\"><h4><span style=\"color: #ffffff;\">Kontakta oss f\u00f6r en gratis demo.<\/span><\/h4>\n<\/div><\/div><\/div><div class=\"fusion-layout-column fusion_builder_column fusion-builder-column-4 fusion_builder_column_1_3 1_3 fusion-flex-column fusion-flex-align-self-center\" style=\"--awb-bg-size:cover;--awb-width-large:33.333333333333%;--awb-margin-top-large:0px;--awb-spacing-right-large:5.76%;--awb-margin-bottom-large:20px;--awb-spacing-left-large:5.76%;--awb-width-medium:33.333333333333%;--awb-order-medium:0;--awb-spacing-right-medium:5.76%;--awb-spacing-left-medium:5.76%;--awb-width-small:100%;--awb-order-small:0;--awb-spacing-right-small:1.92%;--awb-spacing-left-small:1.92%;\"><div class=\"fusion-column-wrapper fusion-column-has-shadow fusion-flex-justify-content-center fusion-content-layout-column\"><div style=\"text-align:center;\"><a class=\"fusion-button button-flat button-xlarge button-custom fusion-button-default button-1 fusion-button-default-span fusion-button-default-type fusion-animated\" style=\"--button_accent_color:var(--awb-color1);--button_accent_hover_color:var(--awb-color1);--button_border_hover_color:var(--awb-color1);--button_gradient_top_color:var(--awb-color6);--button_gradient_bottom_color:var(--awb-color6);--button_gradient_top_color_hover:hsla(var(--awb-color4-h),calc(var(--awb-color4-s) - 5%),calc(var(--awb-color4-l) - 10%),var(--awb-color4-a));--button_gradient_bottom_color_hover:hsla(var(--awb-color4-h),calc(var(--awb-color4-s) - 5%),calc(var(--awb-color4-l) - 10%),var(--awb-color4-a));\" data-animationType=\"flipinx\" data-animationDuration=\"2.0\" data-animationOffset=\"top-into-view\" target=\"_self\" href=\"https:\/\/wizitory.com\/sv\/kontakt\/\"><span class=\"fusion-button-text\">H\u00f6r av dig<\/span><\/a><\/div><\/div><\/div><\/div><\/div>\n<div class=\"fusion-fullwidth fullwidth-box fusion-builder-row-5 fusion-flex-container nonhundred-percent-fullwidth non-hundred-percent-height-scrolling\" style=\"--awb-border-radius-top-left:0px;--awb-border-radius-top-right:0px;--awb-border-radius-bottom-right:0px;--awb-border-radius-bottom-left:0px;--awb-padding-top:5%;--awb-padding-bottom:2%;--awb-flex-wrap:wrap;\" ><div class=\"fusion-builder-row fusion-row fusion-flex-align-items-flex-start fusion-flex-justify-content-center fusion-flex-content-wrap\" style=\"max-width:1248px;margin-left: calc(-4% \/ 2 );margin-right: calc(-4% \/ 2 );\"><div class=\"fusion-layout-column fusion_builder_column fusion-builder-column-5 fusion_builder_column_1_2 1_2 fusion-flex-column fusion-flex-align-self-flex-start\" style=\"--awb-padding-top:10%;--awb-padding-right:15%;--awb-padding-bottom:10%;--awb-padding-left:15%;--awb-bg-color:var(--awb-color4);--awb-bg-color-hover:var(--awb-color4);--awb-bg-position:center center;--awb-bg-blend:luminosity;--awb-bg-size:cover;--awb-width-large:50%;--awb-margin-top-large:0px;--awb-spacing-right-large:3.84%;--awb-margin-bottom-large:20px;--awb-spacing-left-large:3.84%;--awb-width-medium:50%;--awb-order-medium:0;--awb-spacing-right-medium:3.84%;--awb-spacing-left-medium:3.84%;--awb-width-small:100%;--awb-order-small:0;--awb-spacing-right-small:1.92%;--awb-spacing-left-small:1.92%;\"><div class=\"fusion-column-wrapper lazyload fusion-column-has-shadow fusion-flex-justify-content-center fusion-content-layout-column fusion-column-has-bg-image\" data-bg-url=\"https:\/\/wizitory.com\/wp-content\/uploads\/2022\/02\/about_wizitory_hero_dark.jpg\" data-bg=\"https:\/\/wizitory.com\/wp-content\/uploads\/2022\/02\/about_wizitory_hero_dark.jpg\"><div class=\"fusion-title title fusion-title-3 fusion-sep-none fusion-title-text fusion-title-size-two\" style=\"--awb-margin-bottom:50px;\"><h2 class=\"fusion-title-heading title-heading-left fusion-responsive-typography-calculated\" style=\"margin:0;--fontSize:15;--minFontSize:15;line-height:1.2;\"><h4 style=\"text-align: center;\"><span style=\"color: #ffffff;\">L\u00e4r dig mer om Wizitory<\/span><\/h4><\/h2><\/div>\n<div style=\"text-align:center;\"><a class=\"fusion-button button-flat button-xlarge button-default fusion-button-default button-2 fusion-button-default-span fusion-button-default-type fusion-animated\" data-animationType=\"flipinx\" data-animationDuration=\"2.0\" data-animationOffset=\"top-into-view\" target=\"_self\" href=\"https:\/\/wizitory.com\/sv\/om-wizitory\/\"><span class=\"fusion-button-text\">Uppt\u00e4ck<\/span><\/a><\/div><\/div><\/div>\n<div class=\"fusion-layout-column fusion_builder_column fusion-builder-column-6 fusion_builder_column_1_2 1_2 fusion-flex-column fusion-flex-align-self-center\" style=\"--awb-padding-top:10%;--awb-padding-right:15%;--awb-padding-bottom:10%;--awb-padding-left:15%;--awb-bg-color:var(--awb-color4);--awb-bg-color-hover:var(--awb-color4);--awb-bg-position:center center;--awb-bg-blend:luminosity;--awb-bg-size:cover;--awb-width-large:50%;--awb-margin-top-large:0px;--awb-spacing-right-large:3.84%;--awb-margin-bottom-large:20px;--awb-spacing-left-large:3.84%;--awb-width-medium:50%;--awb-order-medium:0;--awb-spacing-right-medium:3.84%;--awb-spacing-left-medium:3.84%;--awb-width-small:100%;--awb-order-small:0;--awb-spacing-right-small:1.92%;--awb-spacing-left-small:1.92%;\"><div class=\"fusion-column-wrapper lazyload fusion-column-has-shadow fusion-flex-justify-content-center fusion-content-layout-column fusion-column-has-bg-image\" data-bg-url=\"https:\/\/wizitory.com\/wp-content\/uploads\/2022\/02\/what_we_make_hero_dark-300x169.jpg\" data-bg=\"https:\/\/wizitory.com\/wp-content\/uploads\/2022\/02\/what_we_make_hero_dark-300x169.jpg\"><div class=\"fusion-title title fusion-title-4 fusion-sep-none fusion-title-text fusion-title-size-two\" style=\"--awb-margin-bottom:50px;\"><h2 class=\"fusion-title-heading title-heading-left fusion-responsive-typography-calculated\" style=\"margin:0;--fontSize:15;--minFontSize:15;line-height:1.2;\"><h4 style=\"text-align: center;\"><span style=\"color: #ffffff;\">Det vi g\u00f6r p\u00e5 Wizitory<\/span><\/h4><\/h2><\/div>\n<div style=\"text-align:center;\"><a class=\"fusion-button button-flat button-xlarge button-default fusion-button-default button-3 fusion-button-default-span fusion-button-default-type fusion-animated\" style=\"--button_text_transform:uppercase;\" data-animationType=\"flipinx\" data-animationDuration=\"2.0\" data-animationOffset=\"top-into-view\" target=\"_self\" href=\"https:\/\/wizitory.com\/sv\/vad-vi-gor\/\"><span class=\"fusion-button-text\">Uppt\u00e4ck<\/span><\/a><\/div><\/div><\/div>\n<\/div><\/div>\n<\/p>\n","protected":false},"excerpt":{"rendered":"","protected":false},"author":1,"featured_media":2989,"comment_status":"closed","ping_status":"closed","sticky":false,"template":"","format":"standard","meta":{"footnotes":""},"categories":[34],"tags":[],"yoast_head":"<!-- This site is optimized with the Yoast SEO plugin v22.6 - https:\/\/yoast.com\/wordpress\/plugins\/seo\/ -->\n<title>Virtuell festival med internationell publik - Wizitory<\/title>\n<meta name=\"robots\" content=\"index, follow, max-snippet:-1, max-image-preview:large, max-video-preview:-1\" \/>\n<link rel=\"canonical\" href=\"https:\/\/wizitory.com\/sv\/virtuell-festival-med-internationell-publik\/\" \/>\n<meta property=\"og:locale\" content=\"sv_SE\" \/>\n<meta property=\"og:type\" content=\"article\" \/>\n<meta property=\"og:title\" content=\"Virtuell festival med internationell publik - Wizitory\" \/>\n<meta property=\"og:url\" content=\"https:\/\/wizitory.com\/sv\/virtuell-festival-med-internationell-publik\/\" \/>\n<meta property=\"og:site_name\" content=\"Wizitory\" \/>\n<meta property=\"article:publisher\" content=\"https:\/\/www.facebook.com\/Wizitory\/\" \/>\n<meta property=\"article:published_time\" content=\"2022-01-26T12:02:35+00:00\" \/>\n<meta property=\"article:modified_time\" content=\"2022-09-05T10:27:36+00:00\" \/>\n<meta property=\"og:image\" content=\"https:\/\/wizitory.com\/wp-content\/uploads\/2022\/01\/NordicKids_SOME_press_0000_5.jpg\" \/>\n\t<meta property=\"og:image:width\" content=\"1473\" \/>\n\t<meta property=\"og:image:height\" content=\"857\" \/>\n\t<meta property=\"og:image:type\" content=\"image\/jpeg\" \/>\n<meta name=\"author\" content=\"qtg\" \/>\n<meta name=\"twitter:card\" content=\"summary_large_image\" \/>\n<meta name=\"twitter:label1\" content=\"Written by\" \/>\n\t<meta name=\"twitter:data1\" content=\"qtg\" \/>\n\t<meta name=\"twitter:label2\" content=\"Est. reading time\" \/>\n\t<meta name=\"twitter:data2\" content=\"5 minutes\" \/>\n<script type=\"application\/ld+json\" class=\"yoast-schema-graph\">{\"@context\":\"https:\/\/schema.org\",\"@graph\":[{\"@type\":\"Article\",\"@id\":\"https:\/\/wizitory.com\/sv\/virtuell-festival-med-internationell-publik\/#article\",\"isPartOf\":{\"@id\":\"https:\/\/wizitory.com\/sv\/virtuell-festival-med-internationell-publik\/\"},\"author\":{\"name\":\"qtg\",\"@id\":\"https:\/\/wizitory.com\/sv\/#\/schema\/person\/2f9048213305da67a0faa08d4be3b581\"},\"headline\":\"Virtuell festival med internationell publik\",\"datePublished\":\"2022-01-26T12:02:35+00:00\",\"dateModified\":\"2022-09-05T10:27:36+00:00\",\"mainEntityOfPage\":{\"@id\":\"https:\/\/wizitory.com\/sv\/virtuell-festival-med-internationell-publik\/\"},\"wordCount\":1003,\"publisher\":{\"@id\":\"https:\/\/wizitory.com\/sv\/#organization\"},\"image\":{\"@id\":\"https:\/\/wizitory.com\/sv\/virtuell-festival-med-internationell-publik\/#primaryimage\"},\"thumbnailUrl\":\"https:\/\/wizitory.com\/wp-content\/uploads\/2022\/01\/NordicKids_SOME_press_0000_5.jpg\",\"articleSection\":[\"Ber\u00e4ttelse\"],\"inLanguage\":\"sv-SE\"},{\"@type\":\"WebPage\",\"@id\":\"https:\/\/wizitory.com\/sv\/virtuell-festival-med-internationell-publik\/\",\"url\":\"https:\/\/wizitory.com\/sv\/virtuell-festival-med-internationell-publik\/\",\"name\":\"Virtuell festival med internationell publik - Wizitory\",\"isPartOf\":{\"@id\":\"https:\/\/wizitory.com\/sv\/#website\"},\"primaryImageOfPage\":{\"@id\":\"https:\/\/wizitory.com\/sv\/virtuell-festival-med-internationell-publik\/#primaryimage\"},\"image\":{\"@id\":\"https:\/\/wizitory.com\/sv\/virtuell-festival-med-internationell-publik\/#primaryimage\"},\"thumbnailUrl\":\"https:\/\/wizitory.com\/wp-content\/uploads\/2022\/01\/NordicKids_SOME_press_0000_5.jpg\",\"datePublished\":\"2022-01-26T12:02:35+00:00\",\"dateModified\":\"2022-09-05T10:27:36+00:00\",\"breadcrumb\":{\"@id\":\"https:\/\/wizitory.com\/sv\/virtuell-festival-med-internationell-publik\/#breadcrumb\"},\"inLanguage\":\"sv-SE\",\"potentialAction\":[{\"@type\":\"ReadAction\",\"target\":[\"https:\/\/wizitory.com\/sv\/virtuell-festival-med-internationell-publik\/\"]}]},{\"@type\":\"ImageObject\",\"inLanguage\":\"sv-SE\",\"@id\":\"https:\/\/wizitory.com\/sv\/virtuell-festival-med-internationell-publik\/#primaryimage\",\"url\":\"https:\/\/wizitory.com\/wp-content\/uploads\/2022\/01\/NordicKids_SOME_press_0000_5.jpg\",\"contentUrl\":\"https:\/\/wizitory.com\/wp-content\/uploads\/2022\/01\/NordicKids_SOME_press_0000_5.jpg\",\"width\":1473,\"height\":857},{\"@type\":\"BreadcrumbList\",\"@id\":\"https:\/\/wizitory.com\/sv\/virtuell-festival-med-internationell-publik\/#breadcrumb\",\"itemListElement\":[{\"@type\":\"ListItem\",\"position\":1,\"name\":\"Home\",\"item\":\"https:\/\/wizitory.com\/sv\/\"},{\"@type\":\"ListItem\",\"position\":2,\"name\":\"Virtuell festival med internationell publik\"}]},{\"@type\":\"WebSite\",\"@id\":\"https:\/\/wizitory.com\/sv\/#website\",\"url\":\"https:\/\/wizitory.com\/sv\/\",\"name\":\"Wizitory\",\"description\":\"Get your brand ready for the metaverse\",\"publisher\":{\"@id\":\"https:\/\/wizitory.com\/sv\/#organization\"},\"potentialAction\":[{\"@type\":\"SearchAction\",\"target\":{\"@type\":\"EntryPoint\",\"urlTemplate\":\"https:\/\/wizitory.com\/sv\/?s={search_term_string}\"},\"query-input\":\"required name=search_term_string\"}],\"inLanguage\":\"sv-SE\"},{\"@type\":\"Organization\",\"@id\":\"https:\/\/wizitory.com\/sv\/#organization\",\"name\":\"Wizitory\",\"url\":\"https:\/\/wizitory.com\/sv\/\",\"logo\":{\"@type\":\"ImageObject\",\"inLanguage\":\"sv-SE\",\"@id\":\"https:\/\/wizitory.com\/sv\/#\/schema\/logo\/image\/\",\"url\":\"https:\/\/wizitory.com\/wp-content\/uploads\/2021\/12\/wizitory_logo_2020.png\",\"contentUrl\":\"https:\/\/wizitory.com\/wp-content\/uploads\/2021\/12\/wizitory_logo_2020.png\",\"width\":673,\"height\":168,\"caption\":\"Wizitory\"},\"image\":{\"@id\":\"https:\/\/wizitory.com\/sv\/#\/schema\/logo\/image\/\"},\"sameAs\":[\"https:\/\/www.facebook.com\/Wizitory\/\",\"https:\/\/www.instagram.com\/wizitory\/\",\"https:\/\/www.linkedin.com\/company\/wizitory\"]},{\"@type\":\"Person\",\"@id\":\"https:\/\/wizitory.com\/sv\/#\/schema\/person\/2f9048213305da67a0faa08d4be3b581\",\"name\":\"qtg\",\"sameAs\":[\"https:\/\/wizitory.com\/wp\"],\"url\":\"https:\/\/wizitory.com\/sv\/author\/qtg\/\"}]}<\/script>\n<!-- \/ Yoast SEO plugin. -->","yoast_head_json":{"title":"Virtuell festival med internationell publik - Wizitory","robots":{"index":"index","follow":"follow","max-snippet":"max-snippet:-1","max-image-preview":"max-image-preview:large","max-video-preview":"max-video-preview:-1"},"canonical":"https:\/\/wizitory.com\/sv\/virtuell-festival-med-internationell-publik\/","og_locale":"sv_SE","og_type":"article","og_title":"Virtuell festival med internationell publik - Wizitory","og_url":"https:\/\/wizitory.com\/sv\/virtuell-festival-med-internationell-publik\/","og_site_name":"Wizitory","article_publisher":"https:\/\/www.facebook.com\/Wizitory\/","article_published_time":"2022-01-26T12:02:35+00:00","article_modified_time":"2022-09-05T10:27:36+00:00","og_image":[{"width":1473,"height":857,"url":"https:\/\/wizitory.com\/wp-content\/uploads\/2022\/01\/NordicKids_SOME_press_0000_5.jpg","type":"image\/jpeg"}],"author":"qtg","twitter_card":"summary_large_image","twitter_misc":{"Written by":"qtg","Est. reading time":"5 minutes"},"schema":{"@context":"https:\/\/schema.org","@graph":[{"@type":"Article","@id":"https:\/\/wizitory.com\/sv\/virtuell-festival-med-internationell-publik\/#article","isPartOf":{"@id":"https:\/\/wizitory.com\/sv\/virtuell-festival-med-internationell-publik\/"},"author":{"name":"qtg","@id":"https:\/\/wizitory.com\/sv\/#\/schema\/person\/2f9048213305da67a0faa08d4be3b581"},"headline":"Virtuell festival med internationell publik","datePublished":"2022-01-26T12:02:35+00:00","dateModified":"2022-09-05T10:27:36+00:00","mainEntityOfPage":{"@id":"https:\/\/wizitory.com\/sv\/virtuell-festival-med-internationell-publik\/"},"wordCount":1003,"publisher":{"@id":"https:\/\/wizitory.com\/sv\/#organization"},"image":{"@id":"https:\/\/wizitory.com\/sv\/virtuell-festival-med-internationell-publik\/#primaryimage"},"thumbnailUrl":"https:\/\/wizitory.com\/wp-content\/uploads\/2022\/01\/NordicKids_SOME_press_0000_5.jpg","articleSection":["Ber\u00e4ttelse"],"inLanguage":"sv-SE"},{"@type":"WebPage","@id":"https:\/\/wizitory.com\/sv\/virtuell-festival-med-internationell-publik\/","url":"https:\/\/wizitory.com\/sv\/virtuell-festival-med-internationell-publik\/","name":"Virtuell festival med internationell publik - Wizitory","isPartOf":{"@id":"https:\/\/wizitory.com\/sv\/#website"},"primaryImageOfPage":{"@id":"https:\/\/wizitory.com\/sv\/virtuell-festival-med-internationell-publik\/#primaryimage"},"image":{"@id":"https:\/\/wizitory.com\/sv\/virtuell-festival-med-internationell-publik\/#primaryimage"},"thumbnailUrl":"https:\/\/wizitory.com\/wp-content\/uploads\/2022\/01\/NordicKids_SOME_press_0000_5.jpg","datePublished":"2022-01-26T12:02:35+00:00","dateModified":"2022-09-05T10:27:36+00:00","breadcrumb":{"@id":"https:\/\/wizitory.com\/sv\/virtuell-festival-med-internationell-publik\/#breadcrumb"},"inLanguage":"sv-SE","potentialAction":[{"@type":"ReadAction","target":["https:\/\/wizitory.com\/sv\/virtuell-festival-med-internationell-publik\/"]}]},{"@type":"ImageObject","inLanguage":"sv-SE","@id":"https:\/\/wizitory.com\/sv\/virtuell-festival-med-internationell-publik\/#primaryimage","url":"https:\/\/wizitory.com\/wp-content\/uploads\/2022\/01\/NordicKids_SOME_press_0000_5.jpg","contentUrl":"https:\/\/wizitory.com\/wp-content\/uploads\/2022\/01\/NordicKids_SOME_press_0000_5.jpg","width":1473,"height":857},{"@type":"BreadcrumbList","@id":"https:\/\/wizitory.com\/sv\/virtuell-festival-med-internationell-publik\/#breadcrumb","itemListElement":[{"@type":"ListItem","position":1,"name":"Home","item":"https:\/\/wizitory.com\/sv\/"},{"@type":"ListItem","position":2,"name":"Virtuell festival med internationell publik"}]},{"@type":"WebSite","@id":"https:\/\/wizitory.com\/sv\/#website","url":"https:\/\/wizitory.com\/sv\/","name":"Wizitory","description":"Get your brand ready for the metaverse","publisher":{"@id":"https:\/\/wizitory.com\/sv\/#organization"},"potentialAction":[{"@type":"SearchAction","target":{"@type":"EntryPoint","urlTemplate":"https:\/\/wizitory.com\/sv\/?s={search_term_string}"},"query-input":"required name=search_term_string"}],"inLanguage":"sv-SE"},{"@type":"Organization","@id":"https:\/\/wizitory.com\/sv\/#organization","name":"Wizitory","url":"https:\/\/wizitory.com\/sv\/","logo":{"@type":"ImageObject","inLanguage":"sv-SE","@id":"https:\/\/wizitory.com\/sv\/#\/schema\/logo\/image\/","url":"https:\/\/wizitory.com\/wp-content\/uploads\/2021\/12\/wizitory_logo_2020.png","contentUrl":"https:\/\/wizitory.com\/wp-content\/uploads\/2021\/12\/wizitory_logo_2020.png","width":673,"height":168,"caption":"Wizitory"},"image":{"@id":"https:\/\/wizitory.com\/sv\/#\/schema\/logo\/image\/"},"sameAs":["https:\/\/www.facebook.com\/Wizitory\/","https:\/\/www.instagram.com\/wizitory\/","https:\/\/www.linkedin.com\/company\/wizitory"]},{"@type":"Person","@id":"https:\/\/wizitory.com\/sv\/#\/schema\/person\/2f9048213305da67a0faa08d4be3b581","name":"qtg","sameAs":["https:\/\/wizitory.com\/wp"],"url":"https:\/\/wizitory.com\/sv\/author\/qtg\/"}]}},"_links":{"self":[{"href":"https:\/\/wizitory.com\/sv\/wp-json\/wp\/v2\/posts\/3508"}],"collection":[{"href":"https:\/\/wizitory.com\/sv\/wp-json\/wp\/v2\/posts"}],"about":[{"href":"https:\/\/wizitory.com\/sv\/wp-json\/wp\/v2\/types\/post"}],"author":[{"embeddable":true,"href":"https:\/\/wizitory.com\/sv\/wp-json\/wp\/v2\/users\/1"}],"replies":[{"embeddable":true,"href":"https:\/\/wizitory.com\/sv\/wp-json\/wp\/v2\/comments?post=3508"}],"version-history":[{"count":2,"href":"https:\/\/wizitory.com\/sv\/wp-json\/wp\/v2\/posts\/3508\/revisions"}],"predecessor-version":[{"id":3510,"href":"https:\/\/wizitory.com\/sv\/wp-json\/wp\/v2\/posts\/3508\/revisions\/3510"}],"wp:featuredmedia":[{"embeddable":true,"href":"https:\/\/wizitory.com\/sv\/wp-json\/wp\/v2\/media\/2989"}],"wp:attachment":[{"href":"https:\/\/wizitory.com\/sv\/wp-json\/wp\/v2\/media?parent=3508"}],"wp:term":[{"taxonomy":"category","embeddable":true,"href":"https:\/\/wizitory.com\/sv\/wp-json\/wp\/v2\/categories?post=3508"},{"taxonomy":"post_tag","embeddable":true,"href":"https:\/\/wizitory.com\/sv\/wp-json\/wp\/v2\/tags?post=3508"}],"curies":[{"name":"wp","href":"https:\/\/api.w.org\/{rel}","templated":true}]}}